{"id":28799,"date":"2026-04-28T15:07:32","date_gmt":"2026-04-28T13:07:32","guid":{"rendered":"https:\/\/rs-schlossneuhaus.lspb.de\/RSN-Home\/?p=28799"},"modified":"2026-04-28T15:11:09","modified_gmt":"2026-04-28T13:11:09","slug":"zweiter-elternbrief-im-schuljahr-2025-2026","status":"publish","type":"post","link":"https:\/\/rs-schlossneuhaus.lspb.de\/RSN-Home\/zweiter-elternbrief-im-schuljahr-2025-2026\/","title":{"rendered":"Zweiter Elternbrief\u00a0im Schuljahr 2025\/2026"},"content":{"rendered":"\n<p>Liebe Eltern,<\/p>\n\n\n\n<p>zum vierten und letzten Quartal des Schuljahres m\u00f6chte ich Sie mit diesem Elternbrief \u00fcber anstehende Veranstaltungen und Termine informieren.<\/p>\n\n\n\n<p>Die Bauarbeiten f\u00fcr den gro\u00dfen Anbau an die Erprobungsstufe gehen voran. Die Bodenplatte ist gegossen, aktuell werden die Einschalungen f\u00fcr die Fahrradkeller- W\u00e4nde errichtet.&nbsp;<\/p>\n\n\n\n<p>Vom 4.- 8.5. fahren unsere 8ter nach Borkum. Da vier Klassen parallel fahren und entsprechend viele Aufsichten notwendig sind, wird es zu einigem Vertretungsunterricht kommen. Ich bitte um Verst\u00e4ndnis.<\/p>\n\n\n\n<p>Am Montag, dem 11.5., wird von 15:00- 18:00 Uhr der 2. Elternsprechtag durchgef\u00fchrt. Im Hinblick auf die Versetzungszeugnisse im Sommer steht an diesem Sprechtag die Beratung durch die Fachlehrer im Vordergrund. Wir haben Sie \u00fcber den Elternsprechtag bereits mit einem Schreiben informiert, welches die Klassenlehrer an alle Sch\u00fclerinnen und Sch\u00fcler verteilt haben. Mit Hilfe des QR-Codes kommen Sie bequem auf das Portal f\u00fcr die Terminvereinbarung.<\/p>\n\n\n\n<figure class=\"wp-block-image size-full\"><img loading=\"lazy\" decoding=\"async\" width=\"292\" height=\"273\" src=\"https:\/\/rs-schlossneuhaus.lspb.de\/RSN-Home\/wp-content\/uploads\/2026\/04\/QR-Code_Elternsprechtag-1.jpeg\" alt=\"\" class=\"wp-image-28801\"\/><\/figure>\n\n\n\n<p>Am Mittwoch, dem 13.5., starten unsere 10er in die Zentrale Abschlusspr\u00fcfung (ZP10). Traditionell wird die erste Arbeit im Fach Deutsch geschrieben. Wir dr\u00fccken allen Sch\u00fclerinnen und Sch\u00fclern die Daumen.<\/p>\n\n\n\n<p>Am 13.5. nehmen wir erstmals mit der Schulgemeinschaft am TrikotTag NRW teil. Wir rufen alle Sch\u00fclerinnen und Sch\u00fcler sowie Lehrer herzlich dazu auf, an diesem Tag mit Vereinskleidung zur Schule zu kommen. Ganz gleich, ob Fu\u00dfball, Reiten, Tanz, Sch\u00fctzenwesen, Karneval, Feuerwehr, Musikverein oder ein anderer Verein: Jedes Engagement z\u00e4hlt und darf stolz gezeigt werden. Mit der Vielfalt der Trikots, Trainingsanz\u00fcge und Uniformen wird die Vielfalt der Vereine, in denen unsere Sch\u00fclerinnen und Sch\u00fcler aktiv sind, \u00f6ffentlich sichtbar.<\/p>\n\n\n\n<p>Die Bezirksregierung Detmold hat f\u00fcr das Schuljahr 2026\/2027 mit Zustimmung des Schultr\u00e4gers, Stadt Paderborn, die Einrichtung der RSN als Ort des Gemeinsamen Lernens (GL) beschlossen. Wir beginnen in Klasse 5 mit 13 Sch\u00fclerinnen und Sch\u00fclern im GL. Am Tag nach Christi Himmelfahrt, Freitag, den 15.5.26, werden wir eine schulinterne Lehrerfortbildung zum GL durchf\u00fchren.&nbsp;F\u00fcr die Sch\u00fclerinnen und Sch\u00fcler ist der P\u00e4dagogische Tag unterrichtsfrei, aber ein Studientag<strong>,<\/strong> an dem von der Schule gestellte Aufgaben bearbeitet werden.&nbsp;<\/p>\n\n\n\n<p>Mit dem \u00f6kumenischen Tag f\u00fcr die Klassen 6 am 20.5. nehmen wir eine bew\u00e4hrte Tradition wieder auf. Die Sch\u00fclerinnen und Sch\u00fcler der Religionsgruppen besuchen Gottesh\u00e4user der drei Buchreligionen, das Fach Praktische Philosophie hat ein eigenes Programm f\u00fcr diesen Tag entwickelt.<\/p>\n\n\n\n<p>In diesem Jahr fahren wir erstmals mit unserer Jahrgangsstufe 5 an den M\u00f6hnesee. Vom 27.- 29.5. sind die Kinder drei Tage mit ihren Klassen unterwegs.<\/p>\n\n\n\n<p>Am 5.6.2026, dem Tag nach Fronleichnam, liegt ein beweglicher Ferientag<\/p>\n\n\n\n<p>F\u00fcr den 12.6. haben wir einen Lehrerausflug geplant. Die Sch\u00fcler haben unterrichtsfrei und erhalten Aufgaben.<\/p>\n\n\n\n<p>Vom 15.-19.6. f\u00e4hrt die bilinguale Klasse 8c nach England.<\/p>\n\n\n\n<p>Das Betriebspraktikum 9 hat vor den Osterferien stattgefunden. Die Sch\u00fcler konnten im Praktikum erste Erfahrungen in der Berufswelt sammeln und ihre Entscheidungen im Hinblick auf die weitere Schul- oder Berufslaufbahn weiter aussch\u00e4rfen. Am 1.7. stellen die 9er unseren Sch\u00fclern der 8 unter dem Motto \u201eMein Praktikum f\u00fcr dich\u201c ihre Praktikumsstellen vor.&nbsp;<\/p>\n\n\n\n<p>Am 2.7. verabschieden sich die 10er in der 5.\/6. Stunde von ihren Mitsch\u00fclern in der Andreas-Winter Halle mit Spiel, Spa\u00df und sicherlich auch ein wenig Wehmut.<\/p>\n\n\n\n<p>Am Freitag, den 3.7., findet die Zeugnisausgabe f\u00fcr unsere Absolventen in feierlichem Rahmen statt. Bei gutem Wetter gehen wir in den Schlo\u00dfinnenhof, bei schlechtem Wetter in die Schlo\u00dfhalle.&nbsp;<\/p>\n\n\n\n<p>F\u00fcr alle anderen Sch\u00fcler endet der Unterricht nach der 3. Stunde um 10:25 Uhr. Danke an die Sch\u00fcler und Klassenlehrer der Jgst. 9, die beim Auf- und Abbau helfen, sowie an alle Sch\u00fcler, die durch Programmpunkte die Abschlussveranstaltung bereichern.&nbsp;<\/p>\n\n\n\n<p>Die durch die Eltern organisierte Abendveranstaltung ist dieses Jahr im Sch\u00fctzenhof Paderborn. Vielen Dank an die Eltern, die sich hier engagieren.<\/p>\n\n\n\n<p>Der so genannte 0te Elternabend f\u00fcr die Erziehungsberechtigten der neuen Jahrgangsstufe 5 findet am 6.7. um 18:00 Uhr statt. Die Klassenlehrer stellen sich vor, Herr Kemper wird Einblick in die ersten Wochen und den Gesamtverlauf der Erprobungsstufe geben und auch der F\u00f6rderverein wird vor Ort pr\u00e4sent sein.<\/p>\n\n\n\n<p>Das von unseren Lehramtsanw\u00e4rtern organisierte Lesekino ist am 10.07. Das Lesekino ist Teil unseres Konzeptes zur Lese- und Schreibf\u00f6rderung. Interessierte Eltern k\u00f6nnen sich gerne als Vorleser melden.&nbsp;<\/p>\n\n\n\n<p>Die Thementage werden mit verschiedenen Schwerpunkten in den Jahrgangsstufen 5- 9 in der letzten Schulwoche vom 14.-16.7. stattfinden. Ziel ist eine gute Mischung aus Theorie und Exkursionen an au\u00dferschulische Lernorte.<\/p>\n\n\n\n<p>Am 17.7.2026 schlie\u00dft der Unterricht mit der Zeugnisausgabe und dem Countdown im Schlossinnenhof nach der 3. Std.<\/p>\n\n\n\n<p>Ich w\u00fcnsche Ihnen und Ihren Kindern alles Gute!<\/p>\n\n\n\n<p>Philipp Beil<\/p>\n","protected":false},"excerpt":{"rendered":"<p>Liebe Eltern, zum vierten und letzten Quartal des Schuljahres m\u00f6chte ich Sie mit diesem Elternbrief \u00fcber anstehende Veranstaltungen und Termine informieren. Die Bauarbeiten f\u00fcr den gro\u00dfen Anbau an die Erprobungsstufe gehen voran. Die Bodenplatte ist gegossen, aktuell werden die Einschalungen f\u00fcr die Fahrradkeller- W\u00e4nde errichtet.&nbsp; Vom 4.- 8.5. fahren unsere 8ter nach Borkum. Da vier [&hellip;]<\/p>\n","protected":false},"author":56,"featured_media":1552,"comment_status":"closed","ping_status":"open","sticky":false,"template":"","format":"standard","meta":{"footnotes":""},"categories":[1],"tags":[],"class_list":["post-28799","post","type-post","status-publish","format-standard","has-post-thumbnail","hentry","category-allgemein"],"_links":{"self":[{"href":"https:\/\/rs-schlossneuhaus.lspb.de\/RSN-Home\/wp-json\/wp\/v2\/posts\/28799","targetHints":{"allow":["GET"]}}],"collection":[{"href":"https:\/\/rs-schlossneuhaus.lspb.de\/RSN-Home\/wp-json\/wp\/v2\/posts"}],"about":[{"href":"https:\/\/rs-schlossneuhaus.lspb.de\/RSN-Home\/wp-json\/wp\/v2\/types\/post"}],"author":[{"embeddable":true,"href":"https:\/\/rs-schlossneuhaus.lspb.de\/RSN-Home\/wp-json\/wp\/v2\/users\/56"}],"replies":[{"embeddable":true,"href":"https:\/\/rs-schlossneuhaus.lspb.de\/RSN-Home\/wp-json\/wp\/v2\/comments?post=28799"}],"version-history":[{"count":2,"href":"https:\/\/rs-schlossneuhaus.lspb.de\/RSN-Home\/wp-json\/wp\/v2\/posts\/28799\/revisions"}],"predecessor-version":[{"id":28803,"href":"https:\/\/rs-schlossneuhaus.lspb.de\/RSN-Home\/wp-json\/wp\/v2\/posts\/28799\/revisions\/28803"}],"wp:featuredmedia":[{"embeddable":true,"href":"https:\/\/rs-schlossneuhaus.lspb.de\/RSN-Home\/wp-json\/wp\/v2\/media\/1552"}],"wp:attachment":[{"href":"https:\/\/rs-schlossneuhaus.lspb.de\/RSN-Home\/wp-json\/wp\/v2\/media?parent=28799"}],"wp:term":[{"taxonomy":"category","embeddable":true,"href":"https:\/\/rs-schlossneuhaus.lspb.de\/RSN-Home\/wp-json\/wp\/v2\/categories?post=28799"},{"taxonomy":"post_tag","embeddable":true,"href":"https:\/\/rs-schlossneuhaus.lspb.de\/RSN-Home\/wp-json\/wp\/v2\/tags?post=28799"}],"curies":[{"name":"wp","href":"https:\/\/api.w.org\/{rel}","templated":true}]}}